{"id":4366,"date":"2014-09-18T16:59:11","date_gmt":"2014-09-18T14:59:11","guid":{"rendered":"http:\/\/www.thewholestory.de\/?p=4366"},"modified":"2014-09-19T15:13:03","modified_gmt":"2014-09-19T13:13:03","slug":"das-grosse-festmahl","status":"publish","type":"post","link":"https:\/\/www.thewholestory.de\/de\/das-grosse-festmahl\/","title":{"rendered":"Das gro\u00dfe Festmahl"},"content":{"rendered":"<p>Vorschlag zum erz\u00e4hlen der Geschichte mit Obst.<\/p>\n<p>Der Text steht in Lukas 14:15-24<\/p>\n<h3>Methode:<\/h3>\n<p>Die Personen werden in Form von Fr\u00fcchten dargestellt \u2013 Vorbild: Radieschenfieber (Die Personen werden mit verschiedenen Fr\u00fcchten oder Gem\u00fcse dargestellt. Ebenso die Tiere)<\/p>\n<h3>Material:<\/h3>\n<ul>\n<li>Ananas <em>(Reicher Mann)<\/em><\/li>\n<li>Bonbons, Schokolade, Weintrauben<em> (Fest-Essen)<\/em><\/li>\n<li>Milch und Schale <em>(Fest-Trinken)<\/em><\/li>\n<li>Banane <em>(Diener)<\/em><\/li>\n<li>Weiteres edeles Gem\u00fcse\/Obst zB:\n<ul>\n<ul>\n<li>Paprika,<\/li>\n<li>Apfel, 2 Orangen<\/li>\n<li>2 Kiwis<\/li>\n<\/ul>\n<\/ul>\n<\/li>\n<li>Weiteres armes Gem\u00fcse\/Obst zB:\n<ul>\n<ul>\n<li>Braune Bananes<\/li>\n<li>Karotten<\/li>\n<li>Angebissener Apfel<\/li>\n<\/ul>\n<\/ul>\n<\/li>\n<\/ul>\n<h1>\u00a0Das gro\u00dfe Festmahl<a href=\"https:\/\/www.thewholestory.de\/wp-content\/uploads\/DSC7425_20130222_1237.jpg\"><img decoding=\"async\" loading=\"lazy\" class=\"alignright size-thumbnail wp-image-4367\" alt=\"_DSC7425_20130222_1237\" src=\"https:\/\/www.thewholestory.de\/wp-content\/uploads\/DSC7425_20130222_1237-250x165.jpg\" width=\"250\" height=\"165\" srcset=\"https:\/\/www.thewholestory.de\/wp-content\/uploads\/DSC7425_20130222_1237-250x165.jpg 250w, https:\/\/www.thewholestory.de\/wp-content\/uploads\/DSC7425_20130222_1237-300x198.jpg 300w, https:\/\/www.thewholestory.de\/wp-content\/uploads\/DSC7425_20130222_1237-1024x678.jpg 1024w, https:\/\/www.thewholestory.de\/wp-content\/uploads\/DSC7425_20130222_1237-700x463.jpg 700w, https:\/\/www.thewholestory.de\/wp-content\/uploads\/DSC7425_20130222_1237-332x219.jpg 332w, https:\/\/www.thewholestory.de\/wp-content\/uploads\/DSC7425_20130222_1237.jpg 2000w\" sizes=\"(max-width: 250px) 100vw, 250px\" \/><\/a><\/h1>\n<p style=\"text-align: justify;\">Es war einmal ein Mann <em><strong><span style=\"color: #800000;\">(Ananas)<\/span><\/strong><\/em>. Der wollte ein gro\u00dfes Fest veranstalten. Er hatte viele Leute eingeladen. Es gab viel zu Essen und zu Trinken <em><span style=\"color: #800000;\">(Bonbons, Schokolade, Weintrauben)<\/span><\/em>. Jeder sollte das Fest genie\u00dfen.<\/p>\n<p style=\"text-align: justify;\">Dann war es soweit. Das Fest sollte beginnen.<\/p>\n<p style=\"text-align: justify;\">Der Mann schickte Diener <strong><em><span style=\"color: #800000;\">(Banane)<\/span><\/em><\/strong>, um den Leuten zu sagen, dass das Fest beginnen kann. <em><strong><\/strong><\/em>. Doch irgendwie wollte keiner kommen.<\/p>\n<p style=\"text-align: justify;\"><a href=\"https:\/\/www.thewholestory.de\/wp-content\/uploads\/DSC7430_20130222_1238.jpg\"><img decoding=\"async\" loading=\"lazy\" class=\"alignright size-thumbnail wp-image-4368\" alt=\"_DSC7430_20130222_1238\" src=\"https:\/\/www.thewholestory.de\/wp-content\/uploads\/DSC7430_20130222_1238-250x165.jpg\" width=\"250\" height=\"165\" srcset=\"https:\/\/www.thewholestory.de\/wp-content\/uploads\/DSC7430_20130222_1238-250x165.jpg 250w, https:\/\/www.thewholestory.de\/wp-content\/uploads\/DSC7430_20130222_1238-300x198.jpg 300w, https:\/\/www.thewholestory.de\/wp-content\/uploads\/DSC7430_20130222_1238-1024x678.jpg 1024w, https:\/\/www.thewholestory.de\/wp-content\/uploads\/DSC7430_20130222_1238-700x463.jpg 700w, https:\/\/www.thewholestory.de\/wp-content\/uploads\/DSC7430_20130222_1238-332x219.jpg 332w, https:\/\/www.thewholestory.de\/wp-content\/uploads\/DSC7430_20130222_1238.jpg 2000w\" sizes=\"(max-width: 250px) 100vw, 250px\" \/><\/a>Ein Mann <strong><em><span style=\"color: #800000;\">(Paprika)<\/span><\/em><\/strong> sagte: \u201eIch kann nicht kommen. Ich habe gerade ein Feld gekauft. Und das muss ich mir anschauen. Bitte entschuldige mich.\u201c <em><span style=\"color: #800000;\">(Der Mann geht zum Feld und schaut es sich an und freut sich dar\u00fcber.)<\/span><\/em><\/p>\n<p style=\"text-align: justify;\">Ein anderer <strong><em><span style=\"color: #800000;\">(Apfel)<\/span><\/em><\/strong> sagte: \u201eIch habe mir gerade ein paar Ochsen gekauft. Die muss ich mir anschauen. Bitte entschuldige mich.\u201c <em><span style=\"color: #800000;\">(Der Mann geht und schaut sich seine Ochsen <\/span><strong>(2 Orangen)<span style=\"color: #800000;\"> an und freut sich dar\u00fcber.)<\/span><\/strong><\/em><\/p>\n<p style=\"text-align: justify;\">Ein dritter <strong><em><span style=\"color: #800000;\">(Kiwi)<\/span><\/em><\/strong> sagte: \u201eIch habe gerade geheiratet. Ich kann leider nicht kommen.\u201c<em><span style=\"color: #800000;\"> (Geht zu seiner Frau.)<\/span><\/em><\/p>\n<p style=\"text-align: justify;\">Der Diener kam zu dem Mann zur\u00fcck und sagte: \u201eKeiner ist gekommen.\u201c<\/p>\n<p style=\"text-align: justify;\"><a href=\"https:\/\/www.thewholestory.de\/wp-content\/uploads\/dienerzur\u00fcck.jpg\"><img decoding=\"async\" loading=\"lazy\" class=\"alignright size-thumbnail wp-image-4369\" alt=\"dienerzur\u00fcck\" src=\"https:\/\/www.thewholestory.de\/wp-content\/uploads\/dienerzur\u00fcck-250x183.jpg\" width=\"250\" height=\"183\" srcset=\"https:\/\/www.thewholestory.de\/wp-content\/uploads\/dienerzur\u00fcck-250x183.jpg 250w, https:\/\/www.thewholestory.de\/wp-content\/uploads\/dienerzur\u00fcck-300x220.jpg 300w, https:\/\/www.thewholestory.de\/wp-content\/uploads\/dienerzur\u00fcck-1024x753.jpg 1024w, https:\/\/www.thewholestory.de\/wp-content\/uploads\/dienerzur\u00fcck-700x514.jpg 700w, https:\/\/www.thewholestory.de\/wp-content\/uploads\/dienerzur\u00fcck-332x244.jpg 332w, https:\/\/www.thewholestory.de\/wp-content\/uploads\/dienerzur\u00fcck.jpg 1622w\" sizes=\"(max-width: 250px) 100vw, 250px\" \/><\/a><span style=\"color: #008000;\">Was h\u00e4ttet ihr jetzt gemacht? Stellt euch vor, ihr wolltet euren Geburtstag feiern, und keiner kommt. Soll die Feier dann nicht stattfinden?<\/span><\/p>\n<p style=\"text-align: justify;\">\u00a0Der Mann sagte: \u201eGeht auf die Stra\u00dfen und holt alle her. Auch die Armen und Blinden und die nicht laufen k\u00f6nnen.\u201c <em><span style=\"color: #800000;\">(Die Banane geht und holt ein paar andere rein. Die Fr\u00fcchte sehen ein wenig alt aus.)<\/span><\/em><\/p>\n<p style=\"text-align: justify;\">Die Bananen kommen zur\u00fcck und sagen: \u201eEs ist immer noch Platz.\u201c Der Mann sagte: \u201eGeht noch weiter raus. Dort, wo sich die treffen, die kein Zuhause haben. Holt auch sie her. Alle sollen kommen! Es ist viel Platz und genug f\u00fcr alle da!\u201c <em><span style=\"color: #800000;\">(Ein ganzer Obstkorb wird eingeladen.)<\/span><\/em><\/p>\n<p style=\"text-align: justify;\">Und so wurde es doch noch ein gro\u00dfes Fest. Die, welche der Mann als erstes eingeladen hatte, kamen leider nicht. Aber viele andere kamen.<\/p>\n<h3 style=\"text-align: center;\"><span style=\"color: #008000;\">Kommst du auch zum Fest?<\/span><a href=\"https:\/\/www.thewholestory.de\/wp-content\/uploads\/festmal.jpg\"><img decoding=\"async\" loading=\"lazy\" class=\"size-thumbnail wp-image-4370 aligncenter\" alt=\"festmal\" src=\"https:\/\/www.thewholestory.de\/wp-content\/uploads\/festmal-250x193.jpg\" width=\"250\" height=\"193\" srcset=\"https:\/\/www.thewholestory.de\/wp-content\/uploads\/festmal-250x193.jpg 250w, https:\/\/www.thewholestory.de\/wp-content\/uploads\/festmal-300x231.jpg 300w, https:\/\/www.thewholestory.de\/wp-content\/uploads\/festmal-1024x791.jpg 1024w, https:\/\/www.thewholestory.de\/wp-content\/uploads\/festmal-700x541.jpg 700w, https:\/\/www.thewholestory.de\/wp-content\/uploads\/festmal-332x256.jpg 332w, https:\/\/www.thewholestory.de\/wp-content\/uploads\/festmal.jpg 1098w\" sizes=\"(max-width: 250px) 100vw, 250px\" \/><\/a><\/h3>\n<hr \/>\n<p>Ausgearbeitet von:<a href=\"https:\/\/www.thewholestory.de\/wp-content\/uploads\/stefan.jpg\"><img decoding=\"async\" loading=\"lazy\" class=\"alignleft size-medium wp-image-4372\" alt=\"stefan\" src=\"https:\/\/www.thewholestory.de\/wp-content\/uploads\/stefan-235x300.jpg\" width=\"235\" height=\"300\" srcset=\"https:\/\/www.thewholestory.de\/wp-content\/uploads\/stefan-235x300.jpg 235w, https:\/\/www.thewholestory.de\/wp-content\/uploads\/stefan-196x250.jpg 196w, https:\/\/www.thewholestory.de\/wp-content\/uploads\/stefan-332x422.jpg 332w, https:\/\/www.thewholestory.de\/wp-content\/uploads\/stefan.jpg 352w\" sizes=\"(max-width: 235px) 100vw, 235px\" \/><\/a><\/p>\n<h4><em><strong>Stefan Thiemert<br \/>\n<\/strong><\/em><\/h4>\n<p>im <strong>Januar 2013<\/strong><\/p>\n<p>f\u00fcr die Kinderwoche in der <em><strong>FeG Bechlingen<\/strong><\/em><\/p>","protected":false},"excerpt":{"rendered":"<p>Vorschlag zum erz\u00e4hlen der Geschichte mit Obst. Der Text steht in Lukas 14:15-24 Methode: Die Personen werden in Form von Fr\u00fcchten dargestellt \u2013 Vorbild: Radieschenfieber (Die Personen werden mit verschiedenen Fr\u00fcchten oder Gem\u00fcse dargestellt. Ebenso die Tiere) Material: Ananas (Reicher Mann) Bonbons, Schokolade, Weintrauben (Fest-Essen) Milch und Schale (Fest-Trinken) Banane &#8230;<\/p>\n","protected":false},"author":12,"featured_media":4370,"comment_status":"closed","ping_status":"open","sticky":false,"template":"","format":"standard","meta":{"_lmt_disableupdate":"","_lmt_disable":"","footnotes":""},"categories":[16],"tags":[470,471,474],"yoast_head":"<!-- This site is optimized with the Yoast SEO plugin v21.2 - https:\/\/yoast.com\/wordpress\/plugins\/seo\/ -->\n<title>Das gro\u00dfe Festmahl - The whole story<\/title>\n<meta name=\"robots\" content=\"index, follow, max-snippet:-1, max-image-preview:large, max-video-preview:-1\" \/>\n<link rel=\"canonical\" href=\"https:\/\/www.thewholestory.de\/de\/das-grosse-festmahl\/\" \/>\n<meta property=\"og:locale\" content=\"de_DE\" \/>\n<meta property=\"og:type\" content=\"article\" \/>\n<meta property=\"og:title\" content=\"Das gro\u00dfe Festmahl - The whole story\" \/>\n<meta property=\"og:description\" content=\"Vorschlag zum erz\u00e4hlen der Geschichte mit Obst. Der Text steht in Lukas 14:15-24 Methode: Die Personen werden in Form von Fr\u00fcchten dargestellt \u2013 Vorbild: Radieschenfieber (Die Personen werden mit verschiedenen Fr\u00fcchten oder Gem\u00fcse dargestellt. Ebenso die Tiere) Material: Ananas (Reicher Mann) Bonbons, Schokolade, Weintrauben (Fest-Essen) Milch und Schale (Fest-Trinken) Banane &#8230;\" \/>\n<meta property=\"og:url\" content=\"https:\/\/www.thewholestory.de\/de\/das-grosse-festmahl\/\" \/>\n<meta property=\"og:site_name\" content=\"The whole story\" \/>\n<meta property=\"article:published_time\" content=\"2014-09-18T14:59:11+00:00\" \/>\n<meta property=\"article:modified_time\" content=\"2014-09-19T13:13:03+00:00\" \/>\n<meta property=\"og:image\" content=\"https:\/\/www.thewholestory.de\/wp-content\/uploads\/festmal.jpg\" \/>\n\t<meta property=\"og:image:width\" content=\"1098\" \/>\n\t<meta property=\"og:image:height\" content=\"849\" \/>\n\t<meta property=\"og:image:type\" content=\"image\/jpeg\" \/>\n<meta name=\"author\" content=\"THE - Student\" \/>\n<meta name=\"twitter:label1\" content=\"Verfasst von\" \/>\n\t<meta name=\"twitter:data1\" content=\"THE - Student\" \/>\n\t<meta name=\"twitter:label2\" content=\"Gesch\u00e4tzte Lesezeit\" \/>\n\t<meta name=\"twitter:data2\" content=\"2 Minuten\" \/>\n<script type=\"application\/ld+json\" class=\"yoast-schema-graph\">{\"@context\":\"https:\/\/schema.org\",\"@graph\":[{\"@type\":\"WebPage\",\"@id\":\"https:\/\/www.thewholestory.de\/de\/das-grosse-festmahl\/\",\"url\":\"https:\/\/www.thewholestory.de\/de\/das-grosse-festmahl\/\",\"name\":\"Das gro\u00dfe Festmahl - The whole story\",\"isPartOf\":{\"@id\":\"https:\/\/www.thewholestory.de\/de\/#website\"},\"datePublished\":\"2014-09-18T14:59:11+00:00\",\"dateModified\":\"2014-09-19T13:13:03+00:00\",\"author\":{\"@id\":\"https:\/\/www.thewholestory.de\/en\/#\/schema\/person\/e0524d55bb0959de8d5b2e304f0a4b34\"},\"inLanguage\":\"de-DE\",\"potentialAction\":[{\"@type\":\"ReadAction\",\"target\":[[\"https:\/\/www.thewholestory.de\/de\/das-grosse-festmahl\/\"]]}]},{\"@type\":\"WebSite\",\"@id\":\"https:\/\/www.thewholestory.de\/de\/#website\",\"url\":\"https:\/\/www.thewholestory.de\/de\/\",\"name\":\"The whole story\",\"description\":\"chronologisch durch die Bibel\",\"potentialAction\":[{\"@type\":\"SearchAction\",\"target\":{\"@type\":\"EntryPoint\",\"urlTemplate\":\"https:\/\/www.thewholestory.de\/de\/?s={search_term_string}\"},\"query-input\":\"required name=search_term_string\"}],\"inLanguage\":\"de-DE\"},{\"@type\":\"Person\",\"@id\":\"https:\/\/www.thewholestory.de\/en\/#\/schema\/person\/e0524d55bb0959de8d5b2e304f0a4b34\",\"name\":\"THE - Student\",\"image\":{\"@type\":\"ImageObject\",\"inLanguage\":\"de-DE\",\"@id\":\"https:\/\/www.thewholestory.de\/de\/#\/schema\/person\/image\/\",\"url\":\"https:\/\/www.thewholestory.de\/wp-content\/uploads\/THE-Student_avatar_1394721169-96x96.jpg\",\"contentUrl\":\"https:\/\/www.thewholestory.de\/wp-content\/uploads\/THE-Student_avatar_1394721169-96x96.jpg\",\"caption\":\"THE - Student\"},\"description\":\"Diese Geschichten wurden im Rahmen des Praktikums Kinder-Bibel-Woche am THE (Theologische Hochschule Ewersbach ) entwickelt.\",\"url\":\"https:\/\/www.thewholestory.de\/de\/author\/the-student\/\"}]}<\/script>\n<!-- \/ Yoast SEO plugin. -->","yoast_head_json":{"title":"Das gro\u00dfe Festmahl - The whole story","robots":{"index":"index","follow":"follow","max-snippet":"max-snippet:-1","max-image-preview":"max-image-preview:large","max-video-preview":"max-video-preview:-1"},"canonical":"https:\/\/www.thewholestory.de\/de\/das-grosse-festmahl\/","og_locale":"de_DE","og_type":"article","og_title":"Das gro\u00dfe Festmahl - The whole story","og_description":"Vorschlag zum erz\u00e4hlen der Geschichte mit Obst. Der Text steht in Lukas 14:15-24 Methode: Die Personen werden in Form von Fr\u00fcchten dargestellt \u2013 Vorbild: Radieschenfieber (Die Personen werden mit verschiedenen Fr\u00fcchten oder Gem\u00fcse dargestellt. Ebenso die Tiere) Material: Ananas (Reicher Mann) Bonbons, Schokolade, Weintrauben (Fest-Essen) Milch und Schale (Fest-Trinken) Banane &#8230;","og_url":"https:\/\/www.thewholestory.de\/de\/das-grosse-festmahl\/","og_site_name":"The whole story","article_published_time":"2014-09-18T14:59:11+00:00","article_modified_time":"2014-09-19T13:13:03+00:00","og_image":[{"width":1098,"height":849,"url":"https:\/\/www.thewholestory.de\/wp-content\/uploads\/festmal.jpg","type":"image\/jpeg"}],"author":"THE - Student","twitter_misc":{"Verfasst von":"THE - Student","Gesch\u00e4tzte Lesezeit":"2 Minuten"},"schema":{"@context":"https:\/\/schema.org","@graph":[{"@type":"WebPage","@id":"https:\/\/www.thewholestory.de\/de\/das-grosse-festmahl\/","url":"https:\/\/www.thewholestory.de\/de\/das-grosse-festmahl\/","name":"Das gro\u00dfe Festmahl - The whole story","isPartOf":{"@id":"https:\/\/www.thewholestory.de\/de\/#website"},"datePublished":"2014-09-18T14:59:11+00:00","dateModified":"2014-09-19T13:13:03+00:00","author":{"@id":"https:\/\/www.thewholestory.de\/en\/#\/schema\/person\/e0524d55bb0959de8d5b2e304f0a4b34"},"inLanguage":"de-DE","potentialAction":[{"@type":"ReadAction","target":[["https:\/\/www.thewholestory.de\/de\/das-grosse-festmahl\/"]]}]},{"@type":"WebSite","@id":"https:\/\/www.thewholestory.de\/de\/#website","url":"https:\/\/www.thewholestory.de\/de\/","name":"The whole story","description":"chronologisch durch die Bibel","potentialAction":[{"@type":"SearchAction","target":{"@type":"EntryPoint","urlTemplate":"https:\/\/www.thewholestory.de\/de\/?s={search_term_string}"},"query-input":"required name=search_term_string"}],"inLanguage":"de-DE"},{"@type":"Person","@id":"https:\/\/www.thewholestory.de\/en\/#\/schema\/person\/e0524d55bb0959de8d5b2e304f0a4b34","name":"THE - Student","image":{"@type":"ImageObject","inLanguage":"de-DE","@id":"https:\/\/www.thewholestory.de\/de\/#\/schema\/person\/image\/","url":"https:\/\/www.thewholestory.de\/wp-content\/uploads\/THE-Student_avatar_1394721169-96x96.jpg","contentUrl":"https:\/\/www.thewholestory.de\/wp-content\/uploads\/THE-Student_avatar_1394721169-96x96.jpg","caption":"THE - Student"},"description":"Diese Geschichten wurden im Rahmen des Praktikums Kinder-Bibel-Woche am THE (Theologische Hochschule Ewersbach ) entwickelt.","url":"https:\/\/www.thewholestory.de\/de\/author\/the-student\/"}]}},"modified_by":"Gatria","_links":{"self":[{"href":"https:\/\/www.thewholestory.de\/de\/wp-json\/wp\/v2\/posts\/4366"}],"collection":[{"href":"https:\/\/www.thewholestory.de\/de\/wp-json\/wp\/v2\/posts"}],"about":[{"href":"https:\/\/www.thewholestory.de\/de\/wp-json\/wp\/v2\/types\/post"}],"author":[{"embeddable":true,"href":"https:\/\/www.thewholestory.de\/de\/wp-json\/wp\/v2\/users\/12"}],"replies":[{"embeddable":true,"href":"https:\/\/www.thewholestory.de\/de\/wp-json\/wp\/v2\/comments?post=4366"}],"version-history":[{"count":3,"href":"https:\/\/www.thewholestory.de\/de\/wp-json\/wp\/v2\/posts\/4366\/revisions"}],"predecessor-version":[{"id":4424,"href":"https:\/\/www.thewholestory.de\/de\/wp-json\/wp\/v2\/posts\/4366\/revisions\/4424"}],"wp:featuredmedia":[{"embeddable":true,"href":"https:\/\/www.thewholestory.de\/de\/wp-json\/wp\/v2\/media\/4370"}],"wp:attachment":[{"href":"https:\/\/www.thewholestory.de\/de\/wp-json\/wp\/v2\/media?parent=4366"}],"wp:term":[{"taxonomy":"category","embeddable":true,"href":"https:\/\/www.thewholestory.de\/de\/wp-json\/wp\/v2\/categories?post=4366"},{"taxonomy":"post_tag","embeddable":true,"href":"https:\/\/www.thewholestory.de\/de\/wp-json\/wp\/v2\/tags?post=4366"}],"curies":[{"name":"wp","href":"https:\/\/api.w.org\/{rel}","templated":true}]}}