{"id":867,"date":"2013-03-18T19:59:15","date_gmt":"2013-03-18T18:59:15","guid":{"rendered":"http:\/\/www.thewholestory.de\/?p=867"},"modified":"2014-01-09T07:31:12","modified_gmt":"2014-01-09T06:31:12","slug":"die-geschichte-von-jakob-und-der-himmelsleiter","status":"publish","type":"post","link":"https:\/\/www.thewholestory.de\/de\/die-geschichte-von-jakob-und-der-himmelsleiter\/","title":{"rendered":"Die Geschichte von Jakob und der Himmelsleiter"},"content":{"rendered":"<p>Diese Geschichte steht in\u00a0<strong>1. Mose 28:10 &#8211; 22<\/strong><\/p>\n<p>Text nach der <a href=\"http:\/\/www.kh-vanheiden.de\/NeUe\/Bibeltexte\/1mo.html#28\"> Neuen evangelistischen \u00dcbersetzung (Ne\u00dc)<\/a><\/p>\n<h3>Jakobs Flucht nach Haran<\/h3>\n<p style=\"text-align: justify;\"><sup>10<\/sup> Jakob hatte sich von <span class=\"wp-glossary wpg-tooltip\" data-termid=\"3615\" data-content=\"excerpt\" data-qtipstyle=\"cream\"><a href=\"https:\/\/www.thewholestory.de\/de\/glossary\/beerscheba\/\"  title=\"Beerscheba\">Beerscheba<\/a><\/span> auf den Weg nach Haran gemacht. <sup>11<\/sup> Dabei kam er an einen bestimmten Ort und \u00fcbernachtete dort, weil die Sonne schon untergegangen war. Er nahm einen der Steine des Platzes, machte ihn zu seinem Kopflager und legte sich schlafen. <sup>12<\/sup> Im Traum sah er einen <abbr title=\"Das hebr\u00e4ische Wort, das nur hier vorkommt, k\u00f6nnte am ehesten mit 'Aufsch\u00fcttung' \u00fcbersetzt werden. Man sollte sich nicht eine Leiter mit Sprossen, sondern eher Stufen wie bei einem Zikkurat, einem Tempelturm, vorstellen.\">Treppenaufgang<\/abbr>, dessen Spitze bis an den Himmel reichte. Engel stiegen auf ihm hinauf und herab. <sup>13<\/sup> Und auf einmal stand Jahwe \u00fcber ihm und sagte: &#8222;Ich bin Jahwe, der Gott deines Vaters Abraham und der Gott Isaaks. Das Land, auf dem du liegst, will ich dir und deinen Nachkommen geben. <sup>14<\/sup> Deine Nachkommen werden zahlreich sein wie der Staub auf der Erde. Du wirst dich ausbreiten nach Westen und Osten, Norden und S\u00fcden. Durch dich und deine Nachkommenschaft sollen alle Sippen der Erde gesegnet werden. <sup>15<\/sup> Und ich werde dir beistehen. Ich besch\u00fctze dich \u00fcberall, wo du hingehst, und bringe dich wieder in dieses Land zur\u00fcck. Ich werde dich nicht verlassen und tue alles, was ich dir versprochen habe.&#8220;<\/p>\n<p style=\"text-align: justify;\"><sup>16<\/sup> Da erwachte Jakob und sagte: &#8222;Tats\u00e4chlich, Jahwe ist an diesem Ort, und ich habe es nicht gewusst.&#8220; <sup>17<\/sup> Er f\u00fcrchtete sich und rief: &#8222;Ehrfurcht gebietet dieser Ort! Hier ist wirklich das Haus Gottes, das Tor des Himmels.&#8220; <sup>18<\/sup> Fr\u00fch am Morgen stand Jakob auf. Er stellte den Stein, der an seinem Kopfende gelegen hatte, als Gedenkstein auf, goss \u00d6l auf seine Spitze <sup>19<\/sup> und gab dem Ort den Namen Bet-El, Haus Gottes. Vorher hie\u00df der Ort Lus. <sup>20<\/sup> Dann legte Jakob ein Gel\u00fcbde ab: &#8222;Wenn Gott mir beisteht und mich auf meiner Reise beh\u00fctet, wenn er mir Nahrung und Kleidung gibt <sup>21<\/sup> und ich wohlbehalten zu meiner Familie zur\u00fcckkomme, dann soll Jahwe mein Gott sein. <sup>22<\/sup> Und hier an dieser Stelle, wo ich den Stein aufgestellt habe, soll ein Haus Gottes stehen. Und von allem, was du mir gibst, werde ich dir treu den zehnten Teil zur\u00fcckgeben.&#8220;<\/p>\n<hr \/>\n<blockquote><p>Die Ne\u00dc ist eine \u00dcbertragung der Bibel ins heutige Deutsch &#8211; bibel.heute &#8211; und gut zum Vorlesen geeignet. Mit freundlicher Genehmigung von Karl-Heinz Vanheiden (\u00a9 2013) <a href=\"http:\/\/www.kh-vanheiden.de\/\" target=\"_blank\" rel=\"nofollow\">www.kh-vanheiden.de<\/a><\/p><\/blockquote>\n<p><\/p>","protected":false},"excerpt":{"rendered":"<p>Diese Geschichte steht in\u00a01. Mose 28:10 &#8211; 22 Text nach der Neuen evangelistischen \u00dcbersetzung (Ne\u00dc) Jakobs Flucht nach Haran 10 Jakob hatte sich von auf den Weg nach Haran gemacht. 11 Dabei kam er an einen bestimmten Ort und \u00fcbernachtete dort, weil die Sonne schon untergegangen war. Er nahm einen &#8230;<\/p>\n","protected":false},"author":1,"featured_media":519,"comment_status":"closed","ping_status":"open","sticky":false,"template":"","format":"standard","meta":{"_lmt_disableupdate":"","_lmt_disable":"","footnotes":""},"categories":[9],"tags":[137,141,138,140,139,131],"yoast_head":"<!-- This site is optimized with the Yoast SEO plugin v21.2 - https:\/\/yoast.com\/wordpress\/plugins\/seo\/ -->\n<title>Die Geschichte von Jakob und der Himmelsleiter - The whole story<\/title>\n<meta name=\"robots\" content=\"index, follow, max-snippet:-1, max-image-preview:large, max-video-preview:-1\" \/>\n<link rel=\"canonical\" href=\"https:\/\/www.thewholestory.de\/de\/die-geschichte-von-jakob-und-der-himmelsleiter\/\" \/>\n<meta property=\"og:locale\" content=\"de_DE\" \/>\n<meta property=\"og:type\" content=\"article\" \/>\n<meta property=\"og:title\" content=\"Die Geschichte von Jakob und der Himmelsleiter - The whole story\" \/>\n<meta property=\"og:description\" content=\"Diese Geschichte steht in\u00a01. Mose 28:10 &#8211; 22 Text nach der Neuen evangelistischen \u00dcbersetzung (Ne\u00dc) Jakobs Flucht nach Haran 10 Jakob hatte sich von auf den Weg nach Haran gemacht. 11 Dabei kam er an einen bestimmten Ort und \u00fcbernachtete dort, weil die Sonne schon untergegangen war. Er nahm einen &#8230;\" \/>\n<meta property=\"og:url\" content=\"https:\/\/www.thewholestory.de\/de\/die-geschichte-von-jakob-und-der-himmelsleiter\/\" \/>\n<meta property=\"og:site_name\" content=\"The whole story\" \/>\n<meta property=\"article:published_time\" content=\"2013-03-18T18:59:15+00:00\" \/>\n<meta property=\"article:modified_time\" content=\"2014-01-09T06:31:12+00:00\" \/>\n<meta property=\"og:image\" content=\"https:\/\/www.thewholestory.de\/wp-content\/uploads\/AT-leuchter_klein.png\" \/>\n\t<meta property=\"og:image:width\" content=\"225\" \/>\n\t<meta property=\"og:image:height\" content=\"319\" \/>\n\t<meta property=\"og:image:type\" content=\"image\/png\" \/>\n<meta name=\"author\" content=\"Gatria\" \/>\n<meta name=\"twitter:label1\" content=\"Verfasst von\" \/>\n\t<meta name=\"twitter:data1\" content=\"Gatria\" \/>\n\t<meta name=\"twitter:label2\" content=\"Gesch\u00e4tzte Lesezeit\" \/>\n\t<meta name=\"twitter:data2\" content=\"2 Minuten\" \/>\n<script type=\"application\/ld+json\" class=\"yoast-schema-graph\">{\"@context\":\"https:\/\/schema.org\",\"@graph\":[{\"@type\":\"WebPage\",\"@id\":\"https:\/\/www.thewholestory.de\/de\/die-geschichte-von-jakob-und-der-himmelsleiter\/\",\"url\":\"https:\/\/www.thewholestory.de\/de\/die-geschichte-von-jakob-und-der-himmelsleiter\/\",\"name\":\"Die Geschichte von Jakob und der Himmelsleiter - The whole story\",\"isPartOf\":{\"@id\":\"https:\/\/www.thewholestory.de\/de\/#website\"},\"datePublished\":\"2013-03-18T18:59:15+00:00\",\"dateModified\":\"2014-01-09T06:31:12+00:00\",\"author\":{\"@id\":\"https:\/\/www.thewholestory.de\/en\/#\/schema\/person\/a17804fee160386b1e379766b34ddb31\"},\"inLanguage\":\"de-DE\",\"potentialAction\":[{\"@type\":\"ReadAction\",\"target\":[[\"https:\/\/www.thewholestory.de\/de\/die-geschichte-von-jakob-und-der-himmelsleiter\/\"]]}]},{\"@type\":\"WebSite\",\"@id\":\"https:\/\/www.thewholestory.de\/de\/#website\",\"url\":\"https:\/\/www.thewholestory.de\/de\/\",\"name\":\"The whole story\",\"description\":\"chronologisch durch die Bibel\",\"potentialAction\":[{\"@type\":\"SearchAction\",\"target\":{\"@type\":\"EntryPoint\",\"urlTemplate\":\"https:\/\/www.thewholestory.de\/de\/?s={search_term_string}\"},\"query-input\":\"required name=search_term_string\"}],\"inLanguage\":\"de-DE\"},{\"@type\":\"Person\",\"@id\":\"https:\/\/www.thewholestory.de\/en\/#\/schema\/person\/a17804fee160386b1e379766b34ddb31\",\"name\":\"Gatria\",\"image\":{\"@type\":\"ImageObject\",\"inLanguage\":\"de-DE\",\"@id\":\"https:\/\/www.thewholestory.de\/de\/#\/schema\/person\/image\/\",\"url\":\"https:\/\/www.thewholestory.de\/wp-content\/uploads\/Gatria_avatar.png\",\"contentUrl\":\"https:\/\/www.thewholestory.de\/wp-content\/uploads\/Gatria_avatar.png\",\"caption\":\"Gatria\"},\"url\":\"https:\/\/www.thewholestory.de\/de\/author\/gatria\/\"}]}<\/script>\n<!-- \/ Yoast SEO plugin. -->","yoast_head_json":{"title":"Die Geschichte von Jakob und der Himmelsleiter - The whole story","robots":{"index":"index","follow":"follow","max-snippet":"max-snippet:-1","max-image-preview":"max-image-preview:large","max-video-preview":"max-video-preview:-1"},"canonical":"https:\/\/www.thewholestory.de\/de\/die-geschichte-von-jakob-und-der-himmelsleiter\/","og_locale":"de_DE","og_type":"article","og_title":"Die Geschichte von Jakob und der Himmelsleiter - The whole story","og_description":"Diese Geschichte steht in\u00a01. Mose 28:10 &#8211; 22 Text nach der Neuen evangelistischen \u00dcbersetzung (Ne\u00dc) Jakobs Flucht nach Haran 10 Jakob hatte sich von auf den Weg nach Haran gemacht. 11 Dabei kam er an einen bestimmten Ort und \u00fcbernachtete dort, weil die Sonne schon untergegangen war. Er nahm einen &#8230;","og_url":"https:\/\/www.thewholestory.de\/de\/die-geschichte-von-jakob-und-der-himmelsleiter\/","og_site_name":"The whole story","article_published_time":"2013-03-18T18:59:15+00:00","article_modified_time":"2014-01-09T06:31:12+00:00","og_image":[{"width":225,"height":319,"url":"https:\/\/www.thewholestory.de\/wp-content\/uploads\/AT-leuchter_klein.png","type":"image\/png"}],"author":"Gatria","twitter_misc":{"Verfasst von":"Gatria","Gesch\u00e4tzte Lesezeit":"2 Minuten"},"schema":{"@context":"https:\/\/schema.org","@graph":[{"@type":"WebPage","@id":"https:\/\/www.thewholestory.de\/de\/die-geschichte-von-jakob-und-der-himmelsleiter\/","url":"https:\/\/www.thewholestory.de\/de\/die-geschichte-von-jakob-und-der-himmelsleiter\/","name":"Die Geschichte von Jakob und der Himmelsleiter - The whole story","isPartOf":{"@id":"https:\/\/www.thewholestory.de\/de\/#website"},"datePublished":"2013-03-18T18:59:15+00:00","dateModified":"2014-01-09T06:31:12+00:00","author":{"@id":"https:\/\/www.thewholestory.de\/en\/#\/schema\/person\/a17804fee160386b1e379766b34ddb31"},"inLanguage":"de-DE","potentialAction":[{"@type":"ReadAction","target":[["https:\/\/www.thewholestory.de\/de\/die-geschichte-von-jakob-und-der-himmelsleiter\/"]]}]},{"@type":"WebSite","@id":"https:\/\/www.thewholestory.de\/de\/#website","url":"https:\/\/www.thewholestory.de\/de\/","name":"The whole story","description":"chronologisch durch die Bibel","potentialAction":[{"@type":"SearchAction","target":{"@type":"EntryPoint","urlTemplate":"https:\/\/www.thewholestory.de\/de\/?s={search_term_string}"},"query-input":"required name=search_term_string"}],"inLanguage":"de-DE"},{"@type":"Person","@id":"https:\/\/www.thewholestory.de\/en\/#\/schema\/person\/a17804fee160386b1e379766b34ddb31","name":"Gatria","image":{"@type":"ImageObject","inLanguage":"de-DE","@id":"https:\/\/www.thewholestory.de\/de\/#\/schema\/person\/image\/","url":"https:\/\/www.thewholestory.de\/wp-content\/uploads\/Gatria_avatar.png","contentUrl":"https:\/\/www.thewholestory.de\/wp-content\/uploads\/Gatria_avatar.png","caption":"Gatria"},"url":"https:\/\/www.thewholestory.de\/de\/author\/gatria\/"}]}},"modified_by":"Gatria","_links":{"self":[{"href":"https:\/\/www.thewholestory.de\/de\/wp-json\/wp\/v2\/posts\/867"}],"collection":[{"href":"https:\/\/www.thewholestory.de\/de\/wp-json\/wp\/v2\/posts"}],"about":[{"href":"https:\/\/www.thewholestory.de\/de\/wp-json\/wp\/v2\/types\/post"}],"author":[{"embeddable":true,"href":"https:\/\/www.thewholestory.de\/de\/wp-json\/wp\/v2\/users\/1"}],"replies":[{"embeddable":true,"href":"https:\/\/www.thewholestory.de\/de\/wp-json\/wp\/v2\/comments?post=867"}],"version-history":[{"count":5,"href":"https:\/\/www.thewholestory.de\/de\/wp-json\/wp\/v2\/posts\/867\/revisions"}],"predecessor-version":[{"id":3618,"href":"https:\/\/www.thewholestory.de\/de\/wp-json\/wp\/v2\/posts\/867\/revisions\/3618"}],"wp:featuredmedia":[{"embeddable":true,"href":"https:\/\/www.thewholestory.de\/de\/wp-json\/wp\/v2\/media\/519"}],"wp:attachment":[{"href":"https:\/\/www.thewholestory.de\/de\/wp-json\/wp\/v2\/media?parent=867"}],"wp:term":[{"taxonomy":"category","embeddable":true,"href":"https:\/\/www.thewholestory.de\/de\/wp-json\/wp\/v2\/categories?post=867"},{"taxonomy":"post_tag","embeddable":true,"href":"https:\/\/www.thewholestory.de\/de\/wp-json\/wp\/v2\/tags?post=867"}],"curies":[{"name":"wp","href":"https:\/\/api.w.org\/{rel}","templated":true}]}}