{"id":1433,"date":"2013-05-12T17:58:58","date_gmt":"2013-05-12T15:58:58","guid":{"rendered":"http:\/\/www.thewholestory.de\/?p=1433"},"modified":"2013-10-05T16:16:04","modified_gmt":"2013-10-05T14:16:04","slug":"saulus-geht-nach-arabien-und-jerusalem","status":"publish","type":"post","link":"https:\/\/www.thewholestory.de\/en\/saulus-geht-nach-arabien-und-jerusalem\/","title":{"rendered":"Saulus geht nach Arabien und Jerusalem"},"content":{"rendered":"<p>Diese Geschichte steht in <strong> Apostelgeschichte 9:20-31\u00a0<\/strong> und im <strong>Galaterbrief 1:17-19<\/strong><\/p>\n<p>Text nach der <a href=\"http:\/\/www.kh-vanheiden.de\/NeUe\/Bibeltexte\/apg.html#9\" target=\"_blank\"> Neuen evangelistischen \u00dcbersetzung (Ne\u00dc)<\/a><\/p>\n<h1>Apostelgeschichte 9<\/h1>\n<p style=\"text-align: justify;\">Er (<em>Saulus<\/em>) war erst einige Tage bei den J\u00fcngern in Damaskus, <sup>20<\/sup> da predigte er auch schon in den Synagogen, dass Jesus der Sohn Gottes ist. <sup>21<\/sup> Alle, die ihn h\u00f6rten, waren fassungslos. &#8220;Ist das nicht der Mann, der in Jerusalem alle erbarmungslos verfolgte, die diesen Namen anrufen?&#8221;, sagten sie. &#8220;Und ist er nicht deswegen hierher gekommen, um sie als Gefangene den Hohen Priestern auszuliefern?&#8221; <sup>22<\/sup> Saulus aber trat umso entschiedener auf und brachte die Juden von Damaskus durcheinander, weil er ihnen beweisen konnte, dass Jesus der Messias ist.<\/p>\n<h3 style=\"text-align: justify;\"><b>Saulus wird nach Hause geschickt<\/b><\/h3>\n<p style=\"text-align: justify;\"><sup>23<\/sup> Als nun eine geraume Zeit vergangen war, fassten die Juden den Beschluss, Saulus zu t\u00f6ten, <sup>24<\/sup> aber er hatte davon erfahren. Sie bewachten n\u00e4mlich Tag und Nacht die Stadttore, um ihn nicht entkommen zu lassen. <sup>25<\/sup> Seine Anh\u00e4nger aber lie\u00dfen ihn eines Nachts in einem Korb die Stadtmauer hinab.<\/p>\n<p style=\"text-align: justify;\"><sup>26<\/sup> Als Saulus wieder nach Jerusalem kam, versuchte er, sich dort den J\u00fcngern anzuschlie\u00dfen. Aber sie alle hatten Angst vor ihm, weil sie nicht wirklich glaubten, dass er ein J\u00fcnger geworden war. <sup>27<\/sup> Da nahm sich Barnabas seiner an. Er brachte ihn zu den Aposteln und erz\u00e4hlte ihnen, wie Saulus auf seiner Reise den Herrn gesehen und wie der Herr zu ihm gesprochen hatte. Er schilderte auch, wie mutig Saulus in Damaskus im Namen von Jesus aufgetreten war. <sup>28<\/sup> Von da an ging Saulus bei den J\u00fcngern in Jerusalem aus und ein. Mit ihnen zusammen trat er unerschrocken im Namen des Herrn auf. <sup>29<\/sup> Er redete und diskutierte auch mit den griechisch sprechenden Juden. Doch sie versuchten ihn umzubringen. <sup>30<\/sup> Als die f\u00fchrenden Br\u00fcder in der Gemeinde das erfuhren, brachten sie ihn nach C\u00e4sarea und schickten ihn von dort nach Tarsus weg.<\/p>\n<h1 style=\"text-align: justify;\">Galaterbrief 1<\/h1>\n<h3 style=\"text-align: justify;\"><b>Wem ich das Evangelium verdanke<\/b><\/h3>\n<p style=\"text-align: justify;\"><sup>11<\/sup> Es muss euch klar sein, liebe Geschwister: Das Evangelium, das ich euch verk\u00fcndigt habe, ist kein Menschenwort. <sup>12<\/sup> Ich habe es nicht von Menschen empfangen oder gelernt, sondern ich erhielt es durch Offenbarung von Jesus Christus.<\/p>\n<p style=\"text-align: justify;\"><sup>13<\/sup> Ihr habt ja geh\u00f6rt, wie ich fr\u00fcher f\u00fcr die j\u00fcdische Religion gelebt habe und wie unbarmherzig ich die Gemeinde Gottes verfolgte und sie mit aller Macht zu vernichten suchte. <sup>14<\/sup> In meinem Eintreten f\u00fcr die j\u00fcdische Religion \u00fcbertraf ich viele meiner Altersgenossen. Ich war ein fanatischer Eiferer f\u00fcr die \u00fcberlieferten Vorschriften meines Volkes. <sup>15<\/sup> Aber Gott hatte mich schon im Mutterleib ausgew\u00e4hlt und in seiner Gnade berufen. Als es ihm dann gefiel, <sup>16<\/sup> mir seinen Sohn zu offenbaren, damit ich die gute Botschaft von ihm unter den nichtj\u00fcdischen V\u00f6lkern bekannt machte, habe ich nicht erst Menschen um Rat gefragt. <sup>17<\/sup> Ich reiste nicht einmal zu denen nach Jerusalem, die schon vor mir Apostel waren, sondern ging nach Arabien und kehrte dann wieder nach Damaskus zur\u00fcck.<\/p>\n<p style=\"text-align: justify;\"><sup>18<\/sup> Erst drei Jahre sp\u00e4ter kam ich nach Jerusalem, um Petrus kennenzulernen. F\u00fcnfzehn Tage war ich bei ihm. <sup>19<\/sup> Von den anderen Aposteln habe ich au\u00dfer Jakobus, den Bruder des Herrn, niemand gesehen. <sup>20<\/sup> Was ich euch hier schreibe &#8211; ich versichere es euch vor Gott -, ist die reine Wahrheit. <sup>21<\/sup> Danach bin ich in der Gegend von <span class=\"wp-glossary wpg-tooltip\" data-termid=\"3270\" data-content=\"excerpt\" data-qtipstyle=\"cream\"><a href=\"https:\/\/www.thewholestory.de\/en\/glossary\/syrien\/\"  title=\"Syrien\">Syrien<\/a><\/span> und <span class=\"wp-glossary wpg-tooltip\" data-termid=\"3271\" data-content=\"excerpt\" data-qtipstyle=\"cream\"><a href=\"https:\/\/www.thewholestory.de\/en\/glossary\/zilizien\/\"  title=\"Zilizien\">Zilizien<\/a><\/span> gewesen. <sup>22<\/sup> Den christlichen Gemeinden in <span class=\"wp-glossary wpg-tooltip\" data-termid=\"3150\" data-content=\"excerpt\" data-qtipstyle=\"cream\"><a href=\"https:\/\/www.thewholestory.de\/en\/glossary\/judaea\/\"  title=\"Jud\u00e4a\">Jud\u00e4a<\/a><\/span> blieb ich pers\u00f6nlich unbekannt. <sup>23<\/sup> Sie hatten nur geh\u00f6rt: &#8220;Unser ehemaliger Verfolger verk\u00fcndigt jetzt den Glauben, den er fr\u00fcher vernichten wollte, als gute Botschaft.&#8221; <sup>24<\/sup> Und sie priesen Gott meinetwegen.<\/p>\n<hr \/>\n<blockquote><p>Die Ne\u00dc ist eine \u00dcbertragung der Bibel ins heutige Deutsch &#8211; bibel.heute &#8211; und gut zum Vorlesen geeignet. Mit freundlicher Genehmigung von Karl-Heinz Vanheiden (\u00a9 2013) <a href=\"http:\/\/www.kh-vanheiden.de\/\" target=\"_blank\" rel=\"nofollow\">www.kh-vanheiden.de<\/a><\/p><\/blockquote>\n","protected":false},"excerpt":{"rendered":"<p>Diese Geschichte steht in Apostelgeschichte 9:20-31\u00a0 und im Galaterbrief 1:17-19 Text nach der Neuen evangelistischen \u00dcbersetzung (Ne\u00dc) Apostelgeschichte 9 Er (Saulus) war erst einige Tage bei den J\u00fcngern in Damaskus, 20 da predigte er auch schon in den Synagogen, dass Jesus der Sohn Gottes ist. 21 Alle, die ihn h\u00f6rten, &#8230;<\/p>\n","protected":false},"author":1,"featured_media":521,"comment_status":"closed","ping_status":"open","sticky":false,"template":"","format":"standard","meta":{"_lmt_disableupdate":"","_lmt_disable":"","footnotes":""},"categories":[9],"tags":[254],"yoast_head":"<!-- This site is optimized with the Yoast SEO plugin v21.2 - https:\/\/yoast.com\/wordpress\/plugins\/seo\/ -->\n<title>Saulus geht nach Arabien und Jerusalem - The whole story<\/title>\n<meta name=\"robots\" content=\"index, follow, max-snippet:-1, max-image-preview:large, max-video-preview:-1\" \/>\n<link rel=\"canonical\" href=\"https:\/\/www.thewholestory.de\/en\/saulus-geht-nach-arabien-und-jerusalem\/\" \/>\n<meta property=\"og:locale\" content=\"en_US\" \/>\n<meta property=\"og:type\" content=\"article\" \/>\n<meta property=\"og:title\" content=\"Saulus geht nach Arabien und Jerusalem - The whole story\" \/>\n<meta property=\"og:description\" content=\"Diese Geschichte steht in Apostelgeschichte 9:20-31\u00a0 und im Galaterbrief 1:17-19 Text nach der Neuen evangelistischen \u00dcbersetzung (Ne\u00dc) Apostelgeschichte 9 Er (Saulus) war erst einige Tage bei den J\u00fcngern in Damaskus, 20 da predigte er auch schon in den Synagogen, dass Jesus der Sohn Gottes ist. 21 Alle, die ihn h\u00f6rten, &#8230;\" \/>\n<meta property=\"og:url\" content=\"https:\/\/www.thewholestory.de\/en\/saulus-geht-nach-arabien-und-jerusalem\/\" \/>\n<meta property=\"og:site_name\" content=\"The whole story\" \/>\n<meta property=\"article:published_time\" content=\"2013-05-12T15:58:58+00:00\" \/>\n<meta property=\"article:modified_time\" content=\"2013-10-05T14:16:04+00:00\" \/>\n<meta property=\"og:image\" content=\"https:\/\/www.thewholestory.de\/wp-content\/uploads\/NT2fische_klein.png\" \/>\n\t<meta property=\"og:image:width\" content=\"225\" \/>\n\t<meta property=\"og:image:height\" content=\"318\" \/>\n\t<meta property=\"og:image:type\" content=\"image\/png\" \/>\n<meta name=\"author\" content=\"Gatria\" \/>\n<meta name=\"twitter:label1\" content=\"Written by\" \/>\n\t<meta name=\"twitter:data1\" content=\"Gatria\" \/>\n\t<meta name=\"twitter:label2\" content=\"Est. reading time\" \/>\n\t<meta name=\"twitter:data2\" content=\"3 minutes\" \/>\n<script type=\"application\/ld+json\" class=\"yoast-schema-graph\">{\"@context\":\"https:\/\/schema.org\",\"@graph\":[{\"@type\":\"WebPage\",\"@id\":\"https:\/\/www.thewholestory.de\/en\/saulus-geht-nach-arabien-und-jerusalem\/\",\"url\":\"https:\/\/www.thewholestory.de\/en\/saulus-geht-nach-arabien-und-jerusalem\/\",\"name\":\"Saulus geht nach Arabien und Jerusalem - The whole story\",\"isPartOf\":{\"@id\":\"https:\/\/www.thewholestory.de\/en\/#website\"},\"datePublished\":\"2013-05-12T15:58:58+00:00\",\"dateModified\":\"2013-10-05T14:16:04+00:00\",\"author\":{\"@id\":\"https:\/\/www.thewholestory.de\/en\/#\/schema\/person\/a17804fee160386b1e379766b34ddb31\"},\"inLanguage\":\"en-US\",\"potentialAction\":[{\"@type\":\"ReadAction\",\"target\":[[\"https:\/\/www.thewholestory.de\/en\/saulus-geht-nach-arabien-und-jerusalem\/\"]]}]},{\"@type\":\"WebSite\",\"@id\":\"https:\/\/www.thewholestory.de\/en\/#website\",\"url\":\"https:\/\/www.thewholestory.de\/en\/\",\"name\":\"The whole story\",\"description\":\"chronologically through the Bible\",\"potentialAction\":[{\"@type\":\"SearchAction\",\"target\":{\"@type\":\"EntryPoint\",\"urlTemplate\":\"https:\/\/www.thewholestory.de\/en\/?s={search_term_string}\"},\"query-input\":\"required name=search_term_string\"}],\"inLanguage\":\"en-US\"},{\"@type\":\"Person\",\"@id\":\"https:\/\/www.thewholestory.de\/en\/#\/schema\/person\/a17804fee160386b1e379766b34ddb31\",\"name\":\"Gatria\",\"image\":{\"@type\":\"ImageObject\",\"inLanguage\":\"en-US\",\"@id\":\"https:\/\/www.thewholestory.de\/en\/#\/schema\/person\/image\/\",\"url\":\"https:\/\/www.thewholestory.de\/wp-content\/uploads\/Gatria_avatar.png\",\"contentUrl\":\"https:\/\/www.thewholestory.de\/wp-content\/uploads\/Gatria_avatar.png\",\"caption\":\"Gatria\"},\"url\":\"https:\/\/www.thewholestory.de\/en\/author\/gatria\/\"}]}<\/script>\n<!-- \/ Yoast SEO plugin. -->","yoast_head_json":{"title":"Saulus geht nach Arabien und Jerusalem - The whole story","robots":{"index":"index","follow":"follow","max-snippet":"max-snippet:-1","max-image-preview":"max-image-preview:large","max-video-preview":"max-video-preview:-1"},"canonical":"https:\/\/www.thewholestory.de\/en\/saulus-geht-nach-arabien-und-jerusalem\/","og_locale":"en_US","og_type":"article","og_title":"Saulus geht nach Arabien und Jerusalem - The whole story","og_description":"Diese Geschichte steht in Apostelgeschichte 9:20-31\u00a0 und im Galaterbrief 1:17-19 Text nach der Neuen evangelistischen \u00dcbersetzung (Ne\u00dc) Apostelgeschichte 9 Er (Saulus) war erst einige Tage bei den J\u00fcngern in Damaskus, 20 da predigte er auch schon in den Synagogen, dass Jesus der Sohn Gottes ist. 21 Alle, die ihn h\u00f6rten, &#8230;","og_url":"https:\/\/www.thewholestory.de\/en\/saulus-geht-nach-arabien-und-jerusalem\/","og_site_name":"The whole story","article_published_time":"2013-05-12T15:58:58+00:00","article_modified_time":"2013-10-05T14:16:04+00:00","og_image":[{"width":225,"height":318,"url":"https:\/\/www.thewholestory.de\/wp-content\/uploads\/NT2fische_klein.png","type":"image\/png"}],"author":"Gatria","twitter_misc":{"Written by":"Gatria","Est. reading time":"3 minutes"},"schema":{"@context":"https:\/\/schema.org","@graph":[{"@type":"WebPage","@id":"https:\/\/www.thewholestory.de\/en\/saulus-geht-nach-arabien-und-jerusalem\/","url":"https:\/\/www.thewholestory.de\/en\/saulus-geht-nach-arabien-und-jerusalem\/","name":"Saulus geht nach Arabien und Jerusalem - The whole story","isPartOf":{"@id":"https:\/\/www.thewholestory.de\/en\/#website"},"datePublished":"2013-05-12T15:58:58+00:00","dateModified":"2013-10-05T14:16:04+00:00","author":{"@id":"https:\/\/www.thewholestory.de\/en\/#\/schema\/person\/a17804fee160386b1e379766b34ddb31"},"inLanguage":"en-US","potentialAction":[{"@type":"ReadAction","target":[["https:\/\/www.thewholestory.de\/en\/saulus-geht-nach-arabien-und-jerusalem\/"]]}]},{"@type":"WebSite","@id":"https:\/\/www.thewholestory.de\/en\/#website","url":"https:\/\/www.thewholestory.de\/en\/","name":"The whole story","description":"chronologically through the Bible","potentialAction":[{"@type":"SearchAction","target":{"@type":"EntryPoint","urlTemplate":"https:\/\/www.thewholestory.de\/en\/?s={search_term_string}"},"query-input":"required name=search_term_string"}],"inLanguage":"en-US"},{"@type":"Person","@id":"https:\/\/www.thewholestory.de\/en\/#\/schema\/person\/a17804fee160386b1e379766b34ddb31","name":"Gatria","image":{"@type":"ImageObject","inLanguage":"en-US","@id":"https:\/\/www.thewholestory.de\/en\/#\/schema\/person\/image\/","url":"https:\/\/www.thewholestory.de\/wp-content\/uploads\/Gatria_avatar.png","contentUrl":"https:\/\/www.thewholestory.de\/wp-content\/uploads\/Gatria_avatar.png","caption":"Gatria"},"url":"https:\/\/www.thewholestory.de\/en\/author\/gatria\/"}]}},"modified_by":"Gatria","_links":{"self":[{"href":"https:\/\/www.thewholestory.de\/en\/wp-json\/wp\/v2\/posts\/1433"}],"collection":[{"href":"https:\/\/www.thewholestory.de\/en\/wp-json\/wp\/v2\/posts"}],"about":[{"href":"https:\/\/www.thewholestory.de\/en\/wp-json\/wp\/v2\/types\/post"}],"author":[{"embeddable":true,"href":"https:\/\/www.thewholestory.de\/en\/wp-json\/wp\/v2\/users\/1"}],"replies":[{"embeddable":true,"href":"https:\/\/www.thewholestory.de\/en\/wp-json\/wp\/v2\/comments?post=1433"}],"version-history":[{"count":6,"href":"https:\/\/www.thewholestory.de\/en\/wp-json\/wp\/v2\/posts\/1433\/revisions"}],"predecessor-version":[{"id":3274,"href":"https:\/\/www.thewholestory.de\/en\/wp-json\/wp\/v2\/posts\/1433\/revisions\/3274"}],"wp:featuredmedia":[{"embeddable":true,"href":"https:\/\/www.thewholestory.de\/en\/wp-json\/wp\/v2\/media\/521"}],"wp:attachment":[{"href":"https:\/\/www.thewholestory.de\/en\/wp-json\/wp\/v2\/media?parent=1433"}],"wp:term":[{"taxonomy":"category","embeddable":true,"href":"https:\/\/www.thewholestory.de\/en\/wp-json\/wp\/v2\/categories?post=1433"},{"taxonomy":"post_tag","embeddable":true,"href":"https:\/\/www.thewholestory.de\/en\/wp-json\/wp\/v2\/tags?post=1433"}],"curies":[{"name":"wp","href":"https:\/\/api.w.org\/{rel}","templated":true}]}}