{"id":2388,"date":"2013-06-27T19:54:38","date_gmt":"2013-06-27T17:54:38","guid":{"rendered":"http:\/\/www.thewholestory.de\/?p=2388"},"modified":"2013-10-01T02:21:21","modified_gmt":"2013-10-01T00:21:21","slug":"die-seligpreisungen","status":"publish","type":"post","link":"https:\/\/www.thewholestory.de\/en\/die-seligpreisungen\/","title":{"rendered":"Bergpredigt \u27ae Die Seligpreisungen"},"content":{"rendered":"<p>Diese Geschichte steht in <strong>Matth\u00e4us 5:1-12<\/strong><\/p>\n<p>Text nach der\u00a0<a href=\"http:\/\/www.kh-vanheiden.de\/NeUe\/Bibeltexte\/mt.html#5\"> Neuen evangelistischen \u00dcbersetzung (Ne\u00dc)<\/a><\/p>\n<h1>\u00a0Matth\u00e4us 5<\/h1>\n<p style=\"text-align: justify;\"><sup>1<\/sup> Als Jesus die vielen Menschen sah, stieg er auf den Berg dort und setzte sich. Da versammelten sich seine J\u00fcnger um ihn, <sup>2<\/sup> und er begann, sie zu lehren. Er sagte:<\/p>\n<p style=\"padding-left: 30px;\"><sup style=\"font-family: sans-serif; font-style: normal; font-variant: normal;\">3<\/sup> &#8220;<strong>Wie gl\u00fccklich sind die<\/strong>, die ihre Armut vor Gott erkennen!Ihnen geh\u00f6rt das Reich, das der Himmel regiert.<\/p>\n<p style=\"padding-left: 30px;\"><sup style=\"font-family: sans-serif; font-style: normal; font-variant: normal;\">4<\/sup> <strong>Wie gl\u00fccklich sind die<\/strong>, die Leid <abbr lang=\"de\" style=\"font-family: sans-serif; font-size: medium; font-style: normal; font-variant: normal; line-height: normal;\" title=\"Wegen des Zusammenhangs hier und in Jesaja 61,3 wurde '\u00fcber S\u00fcnde' hinzugef\u00fcgt.\">\u00fcber S\u00fcnde<\/abbr> tragen,\u00a0denn Gott wird sie tr\u00f6sten!<\/p>\n<p style=\"padding-left: 30px;\"><sup style=\"font-family: sans-serif; font-style: normal; font-variant: normal;\">5<\/sup> <strong>Wie gl\u00fccklich sind die<\/strong>, die sich nicht selbst durchsetzen! \u00a0Sie werden das Land besitzen.<\/p>\n<p style=\"padding-left: 30px;\"><sup style=\"font-family: sans-serif; font-style: normal; font-variant: normal;\">6<\/sup><strong> Wie gl\u00fccklich sind die<\/strong> mit Hunger und Durst \u00a0nach dem richtigen Verh\u00e4ltnis zu Menschen und Gott! \u00a0Sie werden satt.<\/p>\n<p style=\"padding-left: 30px;\"><sup style=\"font-family: sans-serif; font-style: normal; font-variant: normal;\">7<\/sup> <strong>Wie gl\u00fccklich sind die<\/strong> Barmherzigen! Ihnen wird Gott seine Zuwendung schenken.<\/p>\n<p style=\"padding-left: 30px;\"><sup style=\"font-family: sans-serif; font-style: normal; font-variant: normal;\">8<\/sup> <strong>Wie gl\u00fccklich sind die<\/strong>, die ein reines Herz haben! \u00a0Sie werden Gott sehen.<\/p>\n<p style=\"padding-left: 30px;\"><sup style=\"font-family: sans-serif; font-style: normal; font-variant: normal;\">9<\/sup> <strong>Wie gl\u00fccklich sind die<\/strong>, von denen Frieden ausgeht! \u00a0Sie werden Kinder Gottes genannt.<\/p>\n<p style=\"padding-left: 30px;\"><sup style=\"font-family: sans-serif; font-style: normal; font-variant: normal;\">10<\/sup> <strong>Wie gl\u00fccklich sind die<\/strong>, die man verfolgt, weil sie Gottes Willen tun. \u00a0Ihnen geh\u00f6rt das Reich, das der Himmel regiert.<\/p>\n<p style=\"text-align: justify;\"><sup>11<\/sup> Wie beneidenswert gl\u00fccklich seid ihr, wenn sie euch beschimpfen, verfolgen und verleumden, weil ihr zu mir geh\u00f6rt. <sup>12<\/sup>Freut euch und jubelt! Denn im Himmel wartet ein gro\u00dfer Lohn auf euch. Und genauso haben sie vor euch schon die Propheten verfolgt.&#8221;<\/p>\n<p>&nbsp;<\/p>\n<blockquote><p>\u00a0Die Ne\u00dc ist eine \u00dcbertragung der Bibel ins heutige Deutsch &#8211; bibel.heute &#8211; und gut zum Vorlesen geeignet. Mit freundlicher Genehmigung von Karl-Heinz Vanheiden (\u00a9 2013) <a href=\"http:\/\/www.kh-vanheiden.de\/\" target=\"_blank\" rel=\"nofollow\">www.kh-vanheiden.de<\/a><\/p><\/blockquote>\n","protected":false},"excerpt":{"rendered":"<p>Diese Geschichte steht in Matth\u00e4us 5:1-12 Text nach der\u00a0 Neuen evangelistischen \u00dcbersetzung (Ne\u00dc) \u00a0Matth\u00e4us 5 1 Als Jesus die vielen Menschen sah, stieg er auf den Berg dort und setzte sich. Da versammelten sich seine J\u00fcnger um ihn, 2 und er begann, sie zu lehren. Er sagte: 3 &#8220;Wie gl\u00fccklich &#8230;<\/p>\n","protected":false},"author":1,"featured_media":520,"comment_status":"closed","ping_status":"open","sticky":false,"template":"","format":"standard","meta":{"_lmt_disableupdate":"","_lmt_disable":"","footnotes":""},"categories":[9],"tags":[366,365,364],"yoast_head":"<!-- This site is optimized with the Yoast SEO plugin v21.2 - https:\/\/yoast.com\/wordpress\/plugins\/seo\/ -->\n<title>Bergpredigt \u27ae Die Seligpreisungen - The whole story<\/title>\n<meta name=\"robots\" content=\"index, follow, max-snippet:-1, max-image-preview:large, max-video-preview:-1\" \/>\n<link rel=\"canonical\" href=\"https:\/\/www.thewholestory.de\/en\/die-seligpreisungen\/\" \/>\n<meta property=\"og:locale\" content=\"en_US\" \/>\n<meta property=\"og:type\" content=\"article\" \/>\n<meta property=\"og:title\" content=\"Bergpredigt \u27ae Die Seligpreisungen - The whole story\" \/>\n<meta property=\"og:description\" content=\"Diese Geschichte steht in Matth\u00e4us 5:1-12 Text nach der\u00a0 Neuen evangelistischen \u00dcbersetzung (Ne\u00dc) \u00a0Matth\u00e4us 5 1 Als Jesus die vielen Menschen sah, stieg er auf den Berg dort und setzte sich. Da versammelten sich seine J\u00fcnger um ihn, 2 und er begann, sie zu lehren. Er sagte: 3 &#8220;Wie gl\u00fccklich &#8230;\" \/>\n<meta property=\"og:url\" content=\"https:\/\/www.thewholestory.de\/en\/die-seligpreisungen\/\" \/>\n<meta property=\"og:site_name\" content=\"The whole story\" \/>\n<meta property=\"article:published_time\" content=\"2013-06-27T17:54:38+00:00\" \/>\n<meta property=\"article:modified_time\" content=\"2013-10-01T00:21:21+00:00\" \/>\n<meta property=\"og:image\" content=\"https:\/\/www.thewholestory.de\/wp-content\/uploads\/NT1brot-und-wein_klein.png\" \/>\n\t<meta property=\"og:image:width\" content=\"225\" \/>\n\t<meta property=\"og:image:height\" content=\"318\" \/>\n\t<meta property=\"og:image:type\" content=\"image\/png\" \/>\n<meta name=\"author\" content=\"Gatria\" \/>\n<meta name=\"twitter:label1\" content=\"Written by\" \/>\n\t<meta name=\"twitter:data1\" content=\"Gatria\" \/>\n\t<meta name=\"twitter:label2\" content=\"Est. reading time\" \/>\n\t<meta name=\"twitter:data2\" content=\"1 minute\" \/>\n<script type=\"application\/ld+json\" class=\"yoast-schema-graph\">{\"@context\":\"https:\/\/schema.org\",\"@graph\":[{\"@type\":\"WebPage\",\"@id\":\"https:\/\/www.thewholestory.de\/en\/die-seligpreisungen\/\",\"url\":\"https:\/\/www.thewholestory.de\/en\/die-seligpreisungen\/\",\"name\":\"Bergpredigt \u27ae Die Seligpreisungen - The whole story\",\"isPartOf\":{\"@id\":\"https:\/\/www.thewholestory.de\/en\/#website\"},\"datePublished\":\"2013-06-27T17:54:38+00:00\",\"dateModified\":\"2013-10-01T00:21:21+00:00\",\"author\":{\"@id\":\"https:\/\/www.thewholestory.de\/en\/#\/schema\/person\/a17804fee160386b1e379766b34ddb31\"},\"inLanguage\":\"en-US\",\"potentialAction\":[{\"@type\":\"ReadAction\",\"target\":[[\"https:\/\/www.thewholestory.de\/en\/die-seligpreisungen\/\"]]}]},{\"@type\":\"WebSite\",\"@id\":\"https:\/\/www.thewholestory.de\/en\/#website\",\"url\":\"https:\/\/www.thewholestory.de\/en\/\",\"name\":\"The whole story\",\"description\":\"chronologically through the Bible\",\"potentialAction\":[{\"@type\":\"SearchAction\",\"target\":{\"@type\":\"EntryPoint\",\"urlTemplate\":\"https:\/\/www.thewholestory.de\/en\/?s={search_term_string}\"},\"query-input\":\"required name=search_term_string\"}],\"inLanguage\":\"en-US\"},{\"@type\":\"Person\",\"@id\":\"https:\/\/www.thewholestory.de\/en\/#\/schema\/person\/a17804fee160386b1e379766b34ddb31\",\"name\":\"Gatria\",\"image\":{\"@type\":\"ImageObject\",\"inLanguage\":\"en-US\",\"@id\":\"https:\/\/www.thewholestory.de\/en\/#\/schema\/person\/image\/\",\"url\":\"https:\/\/www.thewholestory.de\/wp-content\/uploads\/Gatria_avatar.png\",\"contentUrl\":\"https:\/\/www.thewholestory.de\/wp-content\/uploads\/Gatria_avatar.png\",\"caption\":\"Gatria\"},\"url\":\"https:\/\/www.thewholestory.de\/en\/author\/gatria\/\"}]}<\/script>\n<!-- \/ Yoast SEO plugin. -->","yoast_head_json":{"title":"Bergpredigt \u27ae Die Seligpreisungen - The whole story","robots":{"index":"index","follow":"follow","max-snippet":"max-snippet:-1","max-image-preview":"max-image-preview:large","max-video-preview":"max-video-preview:-1"},"canonical":"https:\/\/www.thewholestory.de\/en\/die-seligpreisungen\/","og_locale":"en_US","og_type":"article","og_title":"Bergpredigt \u27ae Die Seligpreisungen - The whole story","og_description":"Diese Geschichte steht in Matth\u00e4us 5:1-12 Text nach der\u00a0 Neuen evangelistischen \u00dcbersetzung (Ne\u00dc) \u00a0Matth\u00e4us 5 1 Als Jesus die vielen Menschen sah, stieg er auf den Berg dort und setzte sich. Da versammelten sich seine J\u00fcnger um ihn, 2 und er begann, sie zu lehren. Er sagte: 3 &#8220;Wie gl\u00fccklich &#8230;","og_url":"https:\/\/www.thewholestory.de\/en\/die-seligpreisungen\/","og_site_name":"The whole story","article_published_time":"2013-06-27T17:54:38+00:00","article_modified_time":"2013-10-01T00:21:21+00:00","og_image":[{"width":225,"height":318,"url":"https:\/\/www.thewholestory.de\/wp-content\/uploads\/NT1brot-und-wein_klein.png","type":"image\/png"}],"author":"Gatria","twitter_misc":{"Written by":"Gatria","Est. reading time":"1 minute"},"schema":{"@context":"https:\/\/schema.org","@graph":[{"@type":"WebPage","@id":"https:\/\/www.thewholestory.de\/en\/die-seligpreisungen\/","url":"https:\/\/www.thewholestory.de\/en\/die-seligpreisungen\/","name":"Bergpredigt \u27ae Die Seligpreisungen - The whole story","isPartOf":{"@id":"https:\/\/www.thewholestory.de\/en\/#website"},"datePublished":"2013-06-27T17:54:38+00:00","dateModified":"2013-10-01T00:21:21+00:00","author":{"@id":"https:\/\/www.thewholestory.de\/en\/#\/schema\/person\/a17804fee160386b1e379766b34ddb31"},"inLanguage":"en-US","potentialAction":[{"@type":"ReadAction","target":[["https:\/\/www.thewholestory.de\/en\/die-seligpreisungen\/"]]}]},{"@type":"WebSite","@id":"https:\/\/www.thewholestory.de\/en\/#website","url":"https:\/\/www.thewholestory.de\/en\/","name":"The whole story","description":"chronologically through the Bible","potentialAction":[{"@type":"SearchAction","target":{"@type":"EntryPoint","urlTemplate":"https:\/\/www.thewholestory.de\/en\/?s={search_term_string}"},"query-input":"required name=search_term_string"}],"inLanguage":"en-US"},{"@type":"Person","@id":"https:\/\/www.thewholestory.de\/en\/#\/schema\/person\/a17804fee160386b1e379766b34ddb31","name":"Gatria","image":{"@type":"ImageObject","inLanguage":"en-US","@id":"https:\/\/www.thewholestory.de\/en\/#\/schema\/person\/image\/","url":"https:\/\/www.thewholestory.de\/wp-content\/uploads\/Gatria_avatar.png","contentUrl":"https:\/\/www.thewholestory.de\/wp-content\/uploads\/Gatria_avatar.png","caption":"Gatria"},"url":"https:\/\/www.thewholestory.de\/en\/author\/gatria\/"}]}},"modified_by":"Gatria","_links":{"self":[{"href":"https:\/\/www.thewholestory.de\/en\/wp-json\/wp\/v2\/posts\/2388"}],"collection":[{"href":"https:\/\/www.thewholestory.de\/en\/wp-json\/wp\/v2\/posts"}],"about":[{"href":"https:\/\/www.thewholestory.de\/en\/wp-json\/wp\/v2\/types\/post"}],"author":[{"embeddable":true,"href":"https:\/\/www.thewholestory.de\/en\/wp-json\/wp\/v2\/users\/1"}],"replies":[{"embeddable":true,"href":"https:\/\/www.thewholestory.de\/en\/wp-json\/wp\/v2\/comments?post=2388"}],"version-history":[{"count":6,"href":"https:\/\/www.thewholestory.de\/en\/wp-json\/wp\/v2\/posts\/2388\/revisions"}],"predecessor-version":[{"id":3128,"href":"https:\/\/www.thewholestory.de\/en\/wp-json\/wp\/v2\/posts\/2388\/revisions\/3128"}],"wp:featuredmedia":[{"embeddable":true,"href":"https:\/\/www.thewholestory.de\/en\/wp-json\/wp\/v2\/media\/520"}],"wp:attachment":[{"href":"https:\/\/www.thewholestory.de\/en\/wp-json\/wp\/v2\/media?parent=2388"}],"wp:term":[{"taxonomy":"category","embeddable":true,"href":"https:\/\/www.thewholestory.de\/en\/wp-json\/wp\/v2\/categories?post=2388"},{"taxonomy":"post_tag","embeddable":true,"href":"https:\/\/www.thewholestory.de\/en\/wp-json\/wp\/v2\/tags?post=2388"}],"curies":[{"name":"wp","href":"https:\/\/api.w.org\/{rel}","templated":true}]}}